{"id":12140,"date":"2022-12-09T08:08:42","date_gmt":"2022-12-09T07:08:42","guid":{"rendered":"https:\/\/flyttatillboden.se\/?p=12140"},"modified":"2023-10-17T13:05:16","modified_gmt":"2023-10-17T11:05:16","slug":"citizen-of-the-year-yes-i-have-three-full-time-jobs","status":"publish","type":"post","link":"https:\/\/flyttatillboden.se\/en\/citizen-of-the-year-yes-i-have-three-full-time-jobs\/","title":{"rendered":"Citizen of the Year: \u201cYes, I have three full-time jobs\u201d"},"content":{"rendered":"\n<p><strong>Keep calm and carry on. So says the writing on the wall in the Handal family\u2019s home in Harads, next to pictures of the children and the citizen of the year awards for both Boden and Edefors. The wall symbolically highlights the life and pride of entrepreneur Juan Handal.<\/strong><\/p>\n\n\n\n<p>Juan Handal leads a hectic life, he\u2019s constantly on the go. He juggles four different companies and has a seemingly inexhaustible drive. Some time ago the Edefors region, which consists of 13 villages in the northwestern part of Boden municipality, named him the Edefors Man of the Year. At the 2022 Business Gala in Boden, he was named Boden\u2019s Person of the Year, by popular vote.<\/p>\n\n\n\n<div style=\"height:20px\" aria-hidden=\"true\" class=\"wp-block-spacer\"><\/div>\n\n\n\n<figure class=\"wp-block-image size-large\"><img fetchpriority=\"high\" decoding=\"async\" width=\"1080\" height=\"720\" src=\"https:\/\/flyttatillboden.se\/wp-content\/uploads\/2022\/12\/20220828-141909-5731-original-935621-kopiera-1080x720.jpg\" alt=\"\" class=\"wp-image-12073\" srcset=\"https:\/\/flyttatillboden.se\/wp-content\/uploads\/2022\/12\/20220828-141909-5731-original-935621-kopiera-1080x720.jpg 1080w, https:\/\/flyttatillboden.se\/wp-content\/uploads\/2022\/12\/20220828-141909-5731-original-935621-kopiera-300x200.jpg 300w, https:\/\/flyttatillboden.se\/wp-content\/uploads\/2022\/12\/20220828-141909-5731-original-935621-kopiera-150x100.jpg 150w, https:\/\/flyttatillboden.se\/wp-content\/uploads\/2022\/12\/20220828-141909-5731-original-935621-kopiera-768x512.jpg 768w, https:\/\/flyttatillboden.se\/wp-content\/uploads\/2022\/12\/20220828-141909-5731-original-935621-kopiera-1536x1024.jpg 1536w, https:\/\/flyttatillboden.se\/wp-content\/uploads\/2022\/12\/20220828-141909-5731-original-935621-kopiera-2048x1365.jpg 2048w\" sizes=\"(max-width: 1080px) 100vw, 1080px\" \/><\/figure>\n\n\n\n<div style=\"height:20px\" aria-hidden=\"true\" class=\"wp-block-spacer\"><\/div>\n\n\n\n<p>He meets us at Harads\u2019 newly opened eatery Svantes Bistro &amp; Caf\u00e9. Juan is a co-owner of Svantes Vilt &amp; B\u00e4r, the company responsible for reviving the old, historic caf\u00e9 building that houses the bistro \u2013 one of Handal\u2019s 17 properties.&nbsp;<\/p>\n\n\n\n<p>He also runs a laundry and cleaning company, for the same simple reason he runs the bistro &#8211; its services are needed in the area. Sometimes he goes straight from one job to go and wash dishes, help his staff and talk to the guests at the other.&nbsp;<\/p>\n\n\n\n<p>\u201dYes, I have three full-time jobs. I probably walk 18,000 steps in a day. When I haven\u2019t had time to exercise, I go for a walk in the middle of the night. It\u2019s good when there are bright summer nights here. And I love cleaning at night\u201d, he says with a laugh.&nbsp;<\/p>\n\n\n\n<div style=\"height:20px\" aria-hidden=\"true\" class=\"wp-block-spacer\"><\/div>\n\n\n\n<figure class=\"wp-block-gallery has-nested-images columns-default is-cropped wp-block-gallery-1 is-layout-flex wp-block-gallery-is-layout-flex\">\n<figure class=\"wp-block-image size-large\"><img decoding=\"async\" width=\"720\" height=\"1080\" data-id=\"12109\" src=\"https:\/\/flyttatillboden.se\/wp-content\/uploads\/2022\/12\/20220828-140930-5769-original-935617-720x1080.jpg\" alt=\"Juan runs four companies and does a lot of work.\" class=\"wp-image-12109\" srcset=\"https:\/\/flyttatillboden.se\/wp-content\/uploads\/2022\/12\/20220828-140930-5769-original-935617-720x1080.jpg 720w, https:\/\/flyttatillboden.se\/wp-content\/uploads\/2022\/12\/20220828-140930-5769-original-935617-200x300.jpg 200w, https:\/\/flyttatillboden.se\/wp-content\/uploads\/2022\/12\/20220828-140930-5769-original-935617-100x150.jpg 100w, https:\/\/flyttatillboden.se\/wp-content\/uploads\/2022\/12\/20220828-140930-5769-original-935617-768x1152.jpg 768w, https:\/\/flyttatillboden.se\/wp-content\/uploads\/2022\/12\/20220828-140930-5769-original-935617-1024x1536.jpg 1024w, https:\/\/flyttatillboden.se\/wp-content\/uploads\/2022\/12\/20220828-140930-5769-original-935617-1365x2048.jpg 1365w, https:\/\/flyttatillboden.se\/wp-content\/uploads\/2022\/12\/20220828-140930-5769-original-935617-scaled.jpg 1707w\" sizes=\"(max-width: 720px) 100vw, 720px\" \/><\/figure>\n\n\n\n<figure class=\"wp-block-image size-large\"><img decoding=\"async\" width=\"720\" height=\"1080\" data-id=\"12111\" src=\"https:\/\/flyttatillboden.se\/wp-content\/uploads\/2022\/12\/20220828-144042-5824-original-935625-720x1080.jpg\" alt=\"Juan och familjen i k\u00f6ket.\" class=\"wp-image-12111\" srcset=\"https:\/\/flyttatillboden.se\/wp-content\/uploads\/2022\/12\/20220828-144042-5824-original-935625-720x1080.jpg 720w, https:\/\/flyttatillboden.se\/wp-content\/uploads\/2022\/12\/20220828-144042-5824-original-935625-200x300.jpg 200w, https:\/\/flyttatillboden.se\/wp-content\/uploads\/2022\/12\/20220828-144042-5824-original-935625-100x150.jpg 100w, https:\/\/flyttatillboden.se\/wp-content\/uploads\/2022\/12\/20220828-144042-5824-original-935625-768x1152.jpg 768w, https:\/\/flyttatillboden.se\/wp-content\/uploads\/2022\/12\/20220828-144042-5824-original-935625-1024x1536.jpg 1024w, https:\/\/flyttatillboden.se\/wp-content\/uploads\/2022\/12\/20220828-144042-5824-original-935625-1365x2048.jpg 1365w, https:\/\/flyttatillboden.se\/wp-content\/uploads\/2022\/12\/20220828-144042-5824-original-935625-scaled.jpg 1707w\" sizes=\"(max-width: 720px) 100vw, 720px\" \/><\/figure>\n\n\n\n<figure class=\"wp-block-image size-large\"><img loading=\"lazy\" decoding=\"async\" width=\"719\" height=\"1080\" data-id=\"12142\" src=\"https:\/\/flyttatillboden.se\/wp-content\/uploads\/2022\/12\/Juan-Handal-kopiera-719x1080.jpg\" alt=\"Juan Handal awarded citizen of the Year in Boden 2022.\" class=\"wp-image-12142\" srcset=\"https:\/\/flyttatillboden.se\/wp-content\/uploads\/2022\/12\/Juan-Handal-kopiera-719x1080.jpg 719w, https:\/\/flyttatillboden.se\/wp-content\/uploads\/2022\/12\/Juan-Handal-kopiera-200x300.jpg 200w, https:\/\/flyttatillboden.se\/wp-content\/uploads\/2022\/12\/Juan-Handal-kopiera-100x150.jpg 100w, https:\/\/flyttatillboden.se\/wp-content\/uploads\/2022\/12\/Juan-Handal-kopiera-768x1153.jpg 768w, https:\/\/flyttatillboden.se\/wp-content\/uploads\/2022\/12\/Juan-Handal-kopiera.jpg 868w\" sizes=\"(max-width: 719px) 100vw, 719px\" \/><figcaption class=\"wp-element-caption\">#image_title<\/figcaption><\/figure>\n<\/figure>\n\n\n\n<div style=\"height:20px\" aria-hidden=\"true\" class=\"wp-block-spacer\"><\/div>\n\n\n\n<h3 class=\"wp-block-heading\">BUILDING A LONG-TERM TEAM<\/h3>\n\n\n\n<p>But later on, as he sits with his family in the autumn sun at home on the balcony, he is as calm and still just like the mirror-like Lule River that slowly slides by. He points out that it is important to take time to sit down and have coffee and be in the moment with his family, no matter how busy life is.&nbsp;<\/p>\n\n\n\n<p>His wife Rawan smiles and says that if he hadn\u2019t been allowed to work the way he does, he would have gone crazy, that\u2019s just the way he is. Together they are a strong team, they complement each other well. She works as a teacher at the school in the neighbouring village Svartl\u00e5, he\u2019s a multi-entrepreneur.&nbsp;<\/p>\n\n\n\n<p>\u201dI can\u2019t believe it\u2019s true that it has gone so well. But it wouldn\u2019t have worked without with all the good people around me.\u201d <\/p>\n\n\n\n<p>Juan sums up his recipe for success: it\u2019s about finding the right, the talented people, and getting them to enjoy their job enough to stay.\u00a0<\/p>\n\n\n\n<div style=\"height:20px\" aria-hidden=\"true\" class=\"wp-block-spacer\"><\/div>\n\n\n\n<figure class=\"wp-block-image size-large\"><img loading=\"lazy\" decoding=\"async\" width=\"1080\" height=\"720\" src=\"https:\/\/flyttatillboden.se\/wp-content\/uploads\/2022\/12\/20220828-145509-5836-original-935630-1080x720.jpg\" alt=\"Juan och hans familj p\u00e5 altanen.\" class=\"wp-image-12083\" srcset=\"https:\/\/flyttatillboden.se\/wp-content\/uploads\/2022\/12\/20220828-145509-5836-original-935630-1080x720.jpg 1080w, https:\/\/flyttatillboden.se\/wp-content\/uploads\/2022\/12\/20220828-145509-5836-original-935630-300x200.jpg 300w, https:\/\/flyttatillboden.se\/wp-content\/uploads\/2022\/12\/20220828-145509-5836-original-935630-150x100.jpg 150w, https:\/\/flyttatillboden.se\/wp-content\/uploads\/2022\/12\/20220828-145509-5836-original-935630-768x512.jpg 768w, https:\/\/flyttatillboden.se\/wp-content\/uploads\/2022\/12\/20220828-145509-5836-original-935630-1536x1024.jpg 1536w, https:\/\/flyttatillboden.se\/wp-content\/uploads\/2022\/12\/20220828-145509-5836-original-935630-2048x1365.jpg 2048w\" sizes=\"(max-width: 1080px) 100vw, 1080px\" \/><\/figure>\n\n\n\n<div style=\"height:20px\" aria-hidden=\"true\" class=\"wp-block-spacer\"><\/div>\n\n\n\n<h3 class=\"wp-block-heading\">STARTED A NEW LIFE<\/h3>\n\n\n\n<p>20 years ago he came to Harads as a newly arrived refugee from Palestine. The day before Christmas Eve, with temperatures at 33 below zero, his family were introduced to their new home. They had left family, friends and a large restaurant business because of the war. In Harads, they started from scratch.&nbsp;<\/p>\n\n\n\n<p>\u201dI was 20 years old at the time and had grown up with war and unrest. I remember feeling that Sweden was calm and good, here I felt safe. This is how I want my children to grow up. The entire municipality of Boden is a good place in which to live and invest, and there is strong support from both politicians, companies and associations.&nbsp;<\/p>\n\n\n\n<div style=\"height:20px\" aria-hidden=\"true\" class=\"wp-block-spacer\"><\/div>\n\n\n\n<figure class=\"wp-block-image size-large\"><img loading=\"lazy\" decoding=\"async\" width=\"1080\" height=\"720\" src=\"https:\/\/flyttatillboden.se\/wp-content\/uploads\/2022\/12\/20220828-141109-5780-original-935619-kopiera-1080x720.jpg\" alt=\"\" class=\"wp-image-12069\" srcset=\"https:\/\/flyttatillboden.se\/wp-content\/uploads\/2022\/12\/20220828-141109-5780-original-935619-kopiera-1080x720.jpg 1080w, https:\/\/flyttatillboden.se\/wp-content\/uploads\/2022\/12\/20220828-141109-5780-original-935619-kopiera-300x200.jpg 300w, https:\/\/flyttatillboden.se\/wp-content\/uploads\/2022\/12\/20220828-141109-5780-original-935619-kopiera-150x100.jpg 150w, https:\/\/flyttatillboden.se\/wp-content\/uploads\/2022\/12\/20220828-141109-5780-original-935619-kopiera-768x512.jpg 768w, https:\/\/flyttatillboden.se\/wp-content\/uploads\/2022\/12\/20220828-141109-5780-original-935619-kopiera-1536x1024.jpg 1536w, https:\/\/flyttatillboden.se\/wp-content\/uploads\/2022\/12\/20220828-141109-5780-original-935619-kopiera-2048x1365.jpg 2048w\" sizes=\"(max-width: 1080px) 100vw, 1080px\" \/><\/figure>\n\n\n\n<div style=\"height:20px\" aria-hidden=\"true\" class=\"wp-block-spacer\"><\/div>\n\n\n\n<h3 class=\"wp-block-heading\">LANGUAGE IS IMPORTANT&nbsp;<\/h3>\n\n\n\n<p>Rawan is also from Palestine, but they met in Sweden. At home, the family speaks Arabic. But Juan points out the importance of quickly learning the language and taking the local lifestyle to heart. In a small town it is easier, he says. He taught himself by working, listening and learning. At Svantes Vilt &amp; B\u00e4r, he got to work with one of the company\u2019s experienced employees and learn everything he did.&nbsp;<\/p>\n\n\n\n<p>Owner Svante Renberg saw young Juan\u2019s potential and the Renbergs became like a second family. Over the years, Juan became a co-owner together with Svante\u2019s four children, one of his sons has been Juan\u2019s closest colleague and friend since 2005.&nbsp;<\/p>\n\n\n\n<blockquote class=\"wp-block-quote is-layout-flow wp-block-quote-is-layout-flow\">\n<p><em>\u201d This is where I\u2019ve built my future. I want to give everything I can back to that company and be the person Svante saw and wanted to give a chance.\u201d&nbsp;<\/em><\/p>\n<cite>Juan Handal<\/cite><\/blockquote>\n\n\n\n<div style=\"height:15px\" aria-hidden=\"true\" class=\"wp-block-spacer\"><\/div>\n\n\n\n<figure class=\"wp-block-gallery has-nested-images columns-default is-cropped wp-block-gallery-2 is-layout-flex wp-block-gallery-is-layout-flex\">\n<figure class=\"wp-block-image size-large\"><img loading=\"lazy\" decoding=\"async\" width=\"720\" height=\"1080\" data-id=\"12144\" src=\"https:\/\/flyttatillboden.se\/wp-content\/uploads\/2022\/12\/20220828-142808-5763-original-935622-kopiera-720x1080.jpg\" alt=\"\" class=\"wp-image-12144\" srcset=\"https:\/\/flyttatillboden.se\/wp-content\/uploads\/2022\/12\/20220828-142808-5763-original-935622-kopiera-720x1080.jpg 720w, https:\/\/flyttatillboden.se\/wp-content\/uploads\/2022\/12\/20220828-142808-5763-original-935622-kopiera-200x300.jpg 200w, https:\/\/flyttatillboden.se\/wp-content\/uploads\/2022\/12\/20220828-142808-5763-original-935622-kopiera-100x150.jpg 100w, https:\/\/flyttatillboden.se\/wp-content\/uploads\/2022\/12\/20220828-142808-5763-original-935622-kopiera-768x1152.jpg 768w, https:\/\/flyttatillboden.se\/wp-content\/uploads\/2022\/12\/20220828-142808-5763-original-935622-kopiera-1024x1536.jpg 1024w, https:\/\/flyttatillboden.se\/wp-content\/uploads\/2022\/12\/20220828-142808-5763-original-935622-kopiera-1365x2048.jpg 1365w, https:\/\/flyttatillboden.se\/wp-content\/uploads\/2022\/12\/20220828-142808-5763-original-935622-kopiera-scaled.jpg 1706w\" sizes=\"(max-width: 720px) 100vw, 720px\" \/><\/figure>\n\n\n\n<figure class=\"wp-block-image size-large\"><img loading=\"lazy\" decoding=\"async\" width=\"720\" height=\"1080\" data-id=\"12113\" src=\"https:\/\/flyttatillboden.se\/wp-content\/uploads\/2022\/12\/20220828-150125-5850-original-935633-720x1080.jpg\" alt=\"\" class=\"wp-image-12113\" srcset=\"https:\/\/flyttatillboden.se\/wp-content\/uploads\/2022\/12\/20220828-150125-5850-original-935633-720x1080.jpg 720w, https:\/\/flyttatillboden.se\/wp-content\/uploads\/2022\/12\/20220828-150125-5850-original-935633-200x300.jpg 200w, https:\/\/flyttatillboden.se\/wp-content\/uploads\/2022\/12\/20220828-150125-5850-original-935633-100x150.jpg 100w, https:\/\/flyttatillboden.se\/wp-content\/uploads\/2022\/12\/20220828-150125-5850-original-935633-768x1152.jpg 768w, https:\/\/flyttatillboden.se\/wp-content\/uploads\/2022\/12\/20220828-150125-5850-original-935633-1024x1536.jpg 1024w, https:\/\/flyttatillboden.se\/wp-content\/uploads\/2022\/12\/20220828-150125-5850-original-935633-1365x2048.jpg 1365w, https:\/\/flyttatillboden.se\/wp-content\/uploads\/2022\/12\/20220828-150125-5850-original-935633-scaled.jpg 1707w\" sizes=\"(max-width: 720px) 100vw, 720px\" \/><\/figure>\n\n\n\n<figure class=\"wp-block-image size-large\"><img loading=\"lazy\" decoding=\"async\" width=\"720\" height=\"1080\" data-id=\"12079\" src=\"https:\/\/flyttatillboden.se\/wp-content\/uploads\/2022\/12\/20220828-144909-5783-original-935628-720x1080.jpg\" alt=\"\" class=\"wp-image-12079\" srcset=\"https:\/\/flyttatillboden.se\/wp-content\/uploads\/2022\/12\/20220828-144909-5783-original-935628-720x1080.jpg 720w, https:\/\/flyttatillboden.se\/wp-content\/uploads\/2022\/12\/20220828-144909-5783-original-935628-200x300.jpg 200w, https:\/\/flyttatillboden.se\/wp-content\/uploads\/2022\/12\/20220828-144909-5783-original-935628-100x150.jpg 100w, https:\/\/flyttatillboden.se\/wp-content\/uploads\/2022\/12\/20220828-144909-5783-original-935628-768x1152.jpg 768w, https:\/\/flyttatillboden.se\/wp-content\/uploads\/2022\/12\/20220828-144909-5783-original-935628-1024x1536.jpg 1024w, https:\/\/flyttatillboden.se\/wp-content\/uploads\/2022\/12\/20220828-144909-5783-original-935628-1365x2048.jpg 1365w, https:\/\/flyttatillboden.se\/wp-content\/uploads\/2022\/12\/20220828-144909-5783-original-935628-scaled.jpg 1707w\" sizes=\"(max-width: 720px) 100vw, 720px\" \/><\/figure>\n<\/figure>\n\n\n\n<div style=\"height:20px\" aria-hidden=\"true\" class=\"wp-block-spacer\"><\/div>\n\n\n\n<h3 class=\"wp-block-heading\">\u201dMY HEART BEATS FOR SVANTES\u201d&nbsp;<\/h3>\n\n\n\n<p>\u201dThis is where I have built my future. I want to give everything I can back to that company and be the person Svante saw and wanted to give a chance. I also want to give back to the olde generation who have built this country\u201d, says Juan.&nbsp;<\/p>\n\n\n\n<p>Among his tenants, he has many seniors whom he takes care of and, among other things, he hosts a barbecue for them every year. Those who cannot come will have a lunch box delivered to the door.&nbsp;<\/p>\n\n\n\n<p>His phone interrupts the Sunday calm. A recently shot bear is on its way to Svantes Vilt &amp; B\u00e4r and Juan has to go. He grabs a protein shake and a banana on his way out. Keep calm and carry on. #&nbsp;<\/p>\n\n\n\n<div style=\"height:20px\" aria-hidden=\"true\" class=\"wp-block-spacer\"><\/div>\n\n\n\n<p><em>Text: Anna Bergstr\u00f6m \/ Photo: Mats Engfors<\/em>&nbsp;<\/p>\n\n\n\n<div style=\"height:20px\" aria-hidden=\"true\" class=\"wp-block-spacer\"><\/div>\n\n\n\n<figure class=\"wp-block-image size-large\"><img loading=\"lazy\" decoding=\"async\" width=\"1080\" height=\"720\" src=\"https:\/\/flyttatillboden.se\/wp-content\/uploads\/2022\/12\/20220828-145939-5849-original-935631-1080x720.jpg\" alt=\"\" class=\"wp-image-12085\" srcset=\"https:\/\/flyttatillboden.se\/wp-content\/uploads\/2022\/12\/20220828-145939-5849-original-935631-1080x720.jpg 1080w, https:\/\/flyttatillboden.se\/wp-content\/uploads\/2022\/12\/20220828-145939-5849-original-935631-300x200.jpg 300w, https:\/\/flyttatillboden.se\/wp-content\/uploads\/2022\/12\/20220828-145939-5849-original-935631-150x100.jpg 150w, https:\/\/flyttatillboden.se\/wp-content\/uploads\/2022\/12\/20220828-145939-5849-original-935631-768x512.jpg 768w, https:\/\/flyttatillboden.se\/wp-content\/uploads\/2022\/12\/20220828-145939-5849-original-935631-1536x1024.jpg 1536w, https:\/\/flyttatillboden.se\/wp-content\/uploads\/2022\/12\/20220828-145939-5849-original-935631-2048x1365.jpg 2048w\" sizes=\"(max-width: 1080px) 100vw, 1080px\" \/><\/figure>\n\n\n\n<div style=\"height:20px\" aria-hidden=\"true\" class=\"wp-block-spacer\"><\/div>\n\n\n\n<h2 class=\"wp-block-heading\">FACTS <\/h2>\n\n\n\n<h3 class=\"wp-block-heading\">BUSINESS IN THE COUNTRYSIDE&nbsp;<\/h3>\n\n\n\n<p>Right now, there is a lot of growth in the central town of Boden, as well as viable industries and strong entrepreneurship in both of our river valleys. Here you can live and work with abundant free time and the magnificent natural world right on your doorstep, at all times of the year and day. One moment, you can work \u201dglocally\u201d, reaching the world from your desk. Moments later, you can go skiing or snowmobiling under the northern lights. &nbsp;<\/p>\n\n\n\n<p>Does that sound enticing? Contact&nbsp;<a href=\"https:\/\/bodenbusinesspark.com\/en\/\" target=\"_blank\" rel=\"noopener\" >Boden Business Park<\/a> for business establishment or <a href=\"https:\/\/flyttatillboden.se\/en\/relocation-host\/\" >reach out to our relocation host<\/a> for further information.&nbsp;<\/p>\n","protected":false},"excerpt":{"rendered":"<p>Keep calm and carry on. So says the writing on the wall in the Handal family\u2019s home in Harads, next to pictures of the children and the citizen of the year awards for both Boden and Edefors. The wall symbolically highlights the life and pride of entrepreneur Juan Handal. Juan Handal leads a hectic life, [&hellip;]<\/p>\n","protected":false},"author":6537,"featured_media":12068,"comment_status":"closed","ping_status":"closed","sticky":false,"template":"","format":"standard","meta":{"_acf_changed":false,"footnotes":""},"categories":[104,92,89,85],"tags":[],"class_list":["post-12140","post","type-post","status-publish","format-standard","has-post-thumbnail","hentry","category-bodensare-en-2","category-business-en","category-countryside-en","category-reportage-en-2"],"acf":[],"aioseo_notices":[],"publishpress_future_action":{"enabled":false,"date":"2026-05-08 14:27:42","action":"change-status","newStatus":"draft","terms":[],"taxonomy":"category","extraData":[]},"publishpress_future_workflow_manual_trigger":{"enabledWorkflows":[]},"_links":{"self":[{"href":"https:\/\/flyttatillboden.se\/en\/wp-json\/wp\/v2\/posts\/12140","targetHints":{"allow":["GET"]}}],"collection":[{"href":"https:\/\/flyttatillboden.se\/en\/wp-json\/wp\/v2\/posts"}],"about":[{"href":"https:\/\/flyttatillboden.se\/en\/wp-json\/wp\/v2\/types\/post"}],"author":[{"embeddable":true,"href":"https:\/\/flyttatillboden.se\/en\/wp-json\/wp\/v2\/users\/6537"}],"replies":[{"embeddable":true,"href":"https:\/\/flyttatillboden.se\/en\/wp-json\/wp\/v2\/comments?post=12140"}],"version-history":[{"count":0,"href":"https:\/\/flyttatillboden.se\/en\/wp-json\/wp\/v2\/posts\/12140\/revisions"}],"wp:featuredmedia":[{"embeddable":true,"href":"https:\/\/flyttatillboden.se\/en\/wp-json\/wp\/v2\/media\/12068"}],"wp:attachment":[{"href":"https:\/\/flyttatillboden.se\/en\/wp-json\/wp\/v2\/media?parent=12140"}],"wp:term":[{"taxonomy":"category","embeddable":true,"href":"https:\/\/flyttatillboden.se\/en\/wp-json\/wp\/v2\/categories?post=12140"},{"taxonomy":"post_tag","embeddable":true,"href":"https:\/\/flyttatillboden.se\/en\/wp-json\/wp\/v2\/tags?post=12140"}],"curies":[{"name":"wp","href":"https:\/\/api.w.org\/{rel}","templated":true}]}}