{"id":12554,"date":"2022-12-14T15:45:20","date_gmt":"2022-12-14T14:45:20","guid":{"rendered":"https:\/\/flyttatillboden.se\/?p=12554"},"modified":"2023-10-17T14:26:58","modified_gmt":"2023-10-17T12:26:58","slug":"new-in-boden-i-want-to-live-here-for-the-rest-of-my-life","status":"publish","type":"post","link":"https:\/\/flyttatillboden.se\/en\/new-in-boden-i-want-to-live-here-for-the-rest-of-my-life\/","title":{"rendered":"New in Boden: \u201cI want to live here for the rest of my life\u201d"},"content":{"rendered":"\n<h3 class=\"wp-block-heading\">Column<\/h3>\n\n\n\n<p><strong>Madelen Applegren grew up in Dalarna and later chose to move to Boden. This is her own story about a place where the sun often smiles.<\/strong>&nbsp;<\/p>\n\n\n\n<h3 class=\"wp-block-heading\">At 15&nbsp;<\/h3>\n\n\n\n<p>I\u2019m lying in bed in the mountain cabin in S\u00e4len. My entire body aches, but it\u2019s a good kind of ache. This is where I am my happiest. I have spent the entire day on a snowmobile. Or behind it, hanging on by my hands with my jacket full of snow, on a steerable sledge, a plastic saucer, or a snowmobile sledge with no suspension, on a bumpy trail. Tomorrow we will go slalom skiing. This is what I love the most! Here and now is when I decide. When I grow up, I\u2019m going to move north, somewhere where I can feel like this every day, all winter.&nbsp;<\/p>\n\n\n\n<h3 class=\"wp-block-heading\">At 19&nbsp;<\/h3>\n\n\n\n<p>What are the odds of making friends with another girl who also rides motocross, who will also be my aviation technology classmate in Lule\u00e5. We\u2019re packed and ready to move, but where do we put our motocross bikes? When we talk to the man from the Lule\u00e5 Motorsports Association to see if he knows anyone who rents out garages, he simply says: \u201d\u2026 but you can have them at the track, we have a container, that works fine!\u201d&nbsp;<\/p>\n\n\n\n<p>The move to Lule\u00e5 went well, and I have just moved in with my roommate. We laugh a little at all the differences and strange words they have here. It is unbelievably hot, we are both impressed by how lovely the summer is, even though we are so far north.\u00a0<\/p>\n\n\n\n<h3 class=\"wp-block-heading\">At 24&nbsp;&nbsp;<\/h3>\n\n\n\n<p>Dad is teeing up. He hits it well with his driver, a long and straight shot. It\u2019s T-shirt weather, but because of the mosquitoes it\u2019s nice to wear a long-sleeved top. It\u2019s nearly one in the morning and we\u2019re getting close to the end of the round. Every summer we play mid night golf in S\u00e4vast, where I now live. This is truly one of the highlights of the summer!&nbsp;<\/p>\n\n\n\n<h3 class=\"wp-block-heading\">At 25&nbsp;<\/h3>\n\n\n\n<p>It\u2019s autumn. He\u2019s cycling ahead of me on Gruvberget\u2019s red trail. On the motocross course he has no chance, but here in the forest, cycling, I\u2019m always the looser. But even though I have to put my foot on the ground all the time, this is so much fun. Almost like driving a motocross, but quiet. He has shown me all the tracks. He is the best. In all ways, my soul mate. Smart, attractive and funny. The life we share is wonderful.&nbsp;<\/p>\n\n\n\n<h3 class=\"wp-block-heading\">At 26&nbsp;&nbsp;<\/h3>\n\n\n\n<p>I\u2019m seated on my snowmobile, stuck, mustering the strength to dig it out. Again. The sun glistens on the snowy firs in this winter wonderland, it\u2019s so beautiful. We are far out in the forest, where you would never otherwise go. A red Summit 850 parks neatly in the powdery snow next to me. \u201dPerhaps it was time for a coffee anyway&#8230;\u201d&nbsp;<\/p>\n\n\n\n<div style=\"height:20px\" aria-hidden=\"true\" class=\"wp-block-spacer\"><\/div>\n\n\n\n<figure class=\"wp-block-image size-large\"><img fetchpriority=\"high\" decoding=\"async\" width=\"1080\" height=\"720\" src=\"https:\/\/flyttatillboden.se\/wp-content\/uploads\/2022\/12\/0723-original-602481-1080x720.jpg\" alt=\"tv\u00e5 kvinnor p\u00e5 sn\u00f6skotrar i vinterlandskap.\" class=\"wp-image-12540\" srcset=\"https:\/\/flyttatillboden.se\/wp-content\/uploads\/2022\/12\/0723-original-602481-1080x720.jpg 1080w, https:\/\/flyttatillboden.se\/wp-content\/uploads\/2022\/12\/0723-original-602481-300x200.jpg 300w, https:\/\/flyttatillboden.se\/wp-content\/uploads\/2022\/12\/0723-original-602481-150x100.jpg 150w, https:\/\/flyttatillboden.se\/wp-content\/uploads\/2022\/12\/0723-original-602481-768x512.jpg 768w, https:\/\/flyttatillboden.se\/wp-content\/uploads\/2022\/12\/0723-original-602481-1536x1024.jpg 1536w, https:\/\/flyttatillboden.se\/wp-content\/uploads\/2022\/12\/0723-original-602481-2048x1365.jpg 2048w\" sizes=\"(max-width: 1080px) 100vw, 1080px\" \/><\/figure>\n\n\n\n<div style=\"height:20px\" aria-hidden=\"true\" class=\"wp-block-spacer\"><\/div>\n\n\n\n<h3 class=\"wp-block-heading\">At 27&nbsp;<\/h3>\n\n\n\n<p>The trees have turned green and the bird cherry is blossoming. We go for a walk around the house we just bought. \u201cLook, we have rhubarb! And gooseberries, and raspberries! The house is from \u201878, built in the style of an old Norrbotten farmhouse. I haven\u2019t felt this much at home since I left Falun when I was 16.&nbsp;<\/p>\n\n\n\n<h3 class=\"wp-block-heading\">At 29&nbsp;&nbsp;<\/h3>\n\n\n\n<p>The alarm goes off. It has been snowing all night. I know my colleagues will complain and I\u2019ll have to scramble to get out myself but secretly I love it. It\u2019s over a metre now. \u201dGo snow racer!\u201d Yes, but of&nbsp; course she will be allowed to ride the snow racer to preschool. She always wants to, and it\u2019s only 100 metres. She is so happy when she goes inside, she barely has time to say goodbye.&nbsp;<\/p>\n\n\n\n<h3 class=\"wp-block-heading\">At 32&nbsp;<\/h3>\n\n\n\n<p>\u201dCome in now, you must sleep, it\u2019s night time!\u201d Two little towheads are bouncing around on the trampoline. It is almost 11 o\u2019clock at night, but the sun is still shining and the air is warm. Even if the darkness in winter is dreary, the summer nights outweigh it a thousand times. The children laugh and keep jumping. \u201dWell, you can jump for a little longer, it\u2019s summer after all &#8230;\u201d&nbsp;<\/p>\n\n\n\n<p>I look out over Lake Svartbytr\u00e4sket and think about the journey here. All the fantastic places we visited, all the fun we had. All the hard work with studies, my motocross career, the search for the perfect house and the fact that we now have two small, sweet, wonderful children. My heart is teeming with joy.&nbsp;&nbsp;<\/p>\n\n\n\n<p>I want to live here for the rest of my life. #&nbsp;<\/p>\n\n\n\n<p><em>Text: Madelen Apelgren<\/em><\/p>\n\n\n\n<div style=\"height:20px\" aria-hidden=\"true\" class=\"wp-block-spacer\"><\/div>\n\n\n\n<figure class=\"wp-block-image size-large\"><img decoding=\"async\" width=\"1080\" height=\"720\" src=\"https:\/\/flyttatillboden.se\/wp-content\/uploads\/2022\/12\/8382-original-954452-1080x720.jpg\" alt=\"Madelen Apelgren valde att flytta till Boden. H\u00e4r trivs hon med sitt n\u00e4rhetsliv.\" class=\"wp-image-12497\" srcset=\"https:\/\/flyttatillboden.se\/wp-content\/uploads\/2022\/12\/8382-original-954452-1080x720.jpg 1080w, https:\/\/flyttatillboden.se\/wp-content\/uploads\/2022\/12\/8382-original-954452-300x200.jpg 300w, https:\/\/flyttatillboden.se\/wp-content\/uploads\/2022\/12\/8382-original-954452-150x100.jpg 150w, https:\/\/flyttatillboden.se\/wp-content\/uploads\/2022\/12\/8382-original-954452-768x512.jpg 768w, https:\/\/flyttatillboden.se\/wp-content\/uploads\/2022\/12\/8382-original-954452-1536x1025.jpg 1536w, https:\/\/flyttatillboden.se\/wp-content\/uploads\/2022\/12\/8382-original-954452-2048x1366.jpg 2048w\" sizes=\"(max-width: 1080px) 100vw, 1080px\" \/><\/figure>\n\n\n\n<p><br>Do you also want to move to Boden? Here at flyttatillboden.se you will find lots of inspiration. Click on the menu at the top to navigate around among info and inspo. If you have any specific questions, please feel free to contact our <a href=\"https:\/\/flyttatillboden.se\/en\/relocation-host\/\" >relocation host<\/a>.<\/p>\n","protected":false},"excerpt":{"rendered":"<p>Column Madelen Applegren grew up in Dalarna and later chose to move to Boden. This is her own story about a place where the sun often smiles.&nbsp; At 15&nbsp; I\u2019m lying in bed in the mountain cabin in S\u00e4len. My entire body aches, but it\u2019s a good kind of ache. This is where I am [&hellip;]<\/p>\n","protected":false},"author":6537,"featured_media":12731,"comment_status":"closed","ping_status":"closed","sticky":false,"template":"","format":"standard","meta":{"_acf_changed":false,"footnotes":""},"categories":[90,98,84,85],"tags":[],"class_list":["post-12554","post","type-post","status-publish","format-standard","has-post-thumbnail","hentry","category-free-time-en","category-immigrants-en","category-moving-inspiration-en","category-reportage-en-2"],"acf":[],"aioseo_notices":[],"publishpress_future_action":{"enabled":false,"date":"2026-05-08 14:27:55","action":"change-status","newStatus":"draft","terms":[],"taxonomy":"category","extraData":[]},"publishpress_future_workflow_manual_trigger":{"enabledWorkflows":[]},"_links":{"self":[{"href":"https:\/\/flyttatillboden.se\/en\/wp-json\/wp\/v2\/posts\/12554","targetHints":{"allow":["GET"]}}],"collection":[{"href":"https:\/\/flyttatillboden.se\/en\/wp-json\/wp\/v2\/posts"}],"about":[{"href":"https:\/\/flyttatillboden.se\/en\/wp-json\/wp\/v2\/types\/post"}],"author":[{"embeddable":true,"href":"https:\/\/flyttatillboden.se\/en\/wp-json\/wp\/v2\/users\/6537"}],"replies":[{"embeddable":true,"href":"https:\/\/flyttatillboden.se\/en\/wp-json\/wp\/v2\/comments?post=12554"}],"version-history":[{"count":0,"href":"https:\/\/flyttatillboden.se\/en\/wp-json\/wp\/v2\/posts\/12554\/revisions"}],"wp:featuredmedia":[{"embeddable":true,"href":"https:\/\/flyttatillboden.se\/en\/wp-json\/wp\/v2\/media\/12731"}],"wp:attachment":[{"href":"https:\/\/flyttatillboden.se\/en\/wp-json\/wp\/v2\/media?parent=12554"}],"wp:term":[{"taxonomy":"category","embeddable":true,"href":"https:\/\/flyttatillboden.se\/en\/wp-json\/wp\/v2\/categories?post=12554"},{"taxonomy":"post_tag","embeddable":true,"href":"https:\/\/flyttatillboden.se\/en\/wp-json\/wp\/v2\/tags?post=12554"}],"curies":[{"name":"wp","href":"https:\/\/api.w.org\/{rel}","templated":true}]}}